{"id":329,"date":"2017-03-23T00:09:10","date_gmt":"2017-03-22T23:09:10","guid":{"rendered":"http:\/\/ayklwzkabb.cyon.link\/?p=329"},"modified":"2019-12-13T23:34:37","modified_gmt":"2019-12-13T22:34:37","slug":"delegation-aus-libyen","status":"publish","type":"post","link":"https:\/\/politexchange.ch\/de\/delegation-aus-libyen\/","title":{"rendered":"Delegation aus Libyen"},"content":{"rendered":"<p>Vom 25. bis 31 M\u00e4rz wird eine Delegation aus Libyen die Schweiz besuchen. Der Besuch findet im Rahmen eines Projektes von Peaceful Change initiative (PCi) statt, welches sich zum Ziel setzt, Partnerschaften zwischen Lokalbeh\u00f6rden und Gruppen der Zivilgesellschaft aufzubauen um damit Konflikte zu reduzieren und sozialen Frieden zu f\u00f6rdern. Das Projekt von PCi wird durch das Vereinigte K\u00f6nigreich, die Schweizer Eidgenossenschaft und die Europ\u00e4ische Union finanziert.<\/p>\n<p><!--more--><\/p>\n<p>Die Delegation umfasst Vertreter der Zivilgesellschaft aus den drei geographischen Regionen Libyens, die sich aktiv in diesem Projekt engagieren. W\u00e4hrend ihres Besuches wird sich die Delegation anhand von Erfahrungen aus der Schweiz mit Herausforderungen beim Umgang mit Diversit\u00e4t, F\u00f6rderung des sozialen Zusammenhalts und der politische Beteiligung der B\u00fcrger und B\u00fcrgerinnen auseinandersetzen. Das Gesehene und Geh\u00f6rte soll den Delegationsmitgliedern Gelegenheit zur Reflektion und Anregung f\u00fcr ihre eigene Arbeit bieten.<\/p>\n<p>Die Delegation wird das Berner Kantonsparlament besuchen, um zu erfahren, wie das Parlament funktioniert und der Interessensausgleich gesucht wird, mit der Berner Kantonspolizei wird sie \u00fcber Risikoeinsch\u00e4tzungen, Pr\u00e4vention und \u201ecommunity policing\u201c diskutieren, beim Besuch in der Gemeinde Herzogenbuchsee stehen Mitwirkungsverfahren und die direkte Demokratie im Vordergrund. Beim Forum f\u00fcr die Zweisprachigkeit in Biel wird die Delegation erfahren, wie in der Schweiz und in Biel mit der Mehrsprachigkeit umgegangen wird. In der Gemeinde Wohlen steht die Partnerschaft zwischen der Gemeinde, der Kirchgemeinde und der Zivilgesellschaft zur Unterbringung und Integration von Migranten im Vordergrund. Die Delegation wird zudem Vertreter und Vertreterinnen des Eidgen\u00f6ssischen Departements f\u00fcr ausw\u00e4rtige Angelegenheiten und von internationalen Organisationen in Genf treffen.<\/p>\n<p>Wir heissen die Delegation willkommen und freuen uns, mit der Delegation eine anregende und interessante Woche verbringen zu d\u00fcrfen. Wir m\u00f6chten allen ganz herzlichen danken, die diesen Besuch durch ihre grossz\u00fcgige Unterst\u00fctzung und Einsatz m\u00f6glich machen.<\/p>\n","protected":false},"excerpt":{"rendered":"<p>Vom 25. bis 31 M\u00e4rz wird eine Delegation aus Libyen die Schweiz besuchen. Der Besuch findet im Rahmen eines Projektes von Peaceful Change initiative (PCi) statt, welches sich zum Ziel setzt, Partnerschaften zwischen Lokalbeh\u00f6rden und Gruppen der Zivilgesellschaft aufzubauen um damit Konflikte zu reduzieren und sozialen Frieden zu f\u00f6rdern. Das Projekt von PCi wird durch<a class=\"excerpt-read-more\" href=\"https:\/\/politexchange.ch\/de\/delegation-aus-libyen\/\" title=\"ReadDelegation aus Libyen\">&#8230; Read more &raquo;<\/a><\/p>\n","protected":false},"author":5,"featured_media":0,"comment_status":"closed","ping_status":"closed","sticky":false,"template":"","format":"standard","meta":{"footnotes":""},"categories":[1],"tags":[],"_links":{"self":[{"href":"https:\/\/politexchange.ch\/de\/wp-json\/wp\/v2\/posts\/329"}],"collection":[{"href":"https:\/\/politexchange.ch\/de\/wp-json\/wp\/v2\/posts"}],"about":[{"href":"https:\/\/politexchange.ch\/de\/wp-json\/wp\/v2\/types\/post"}],"author":[{"embeddable":true,"href":"https:\/\/politexchange.ch\/de\/wp-json\/wp\/v2\/users\/5"}],"replies":[{"embeddable":true,"href":"https:\/\/politexchange.ch\/de\/wp-json\/wp\/v2\/comments?post=329"}],"version-history":[{"count":2,"href":"https:\/\/politexchange.ch\/de\/wp-json\/wp\/v2\/posts\/329\/revisions"}],"predecessor-version":[{"id":352,"href":"https:\/\/politexchange.ch\/de\/wp-json\/wp\/v2\/posts\/329\/revisions\/352"}],"wp:attachment":[{"href":"https:\/\/politexchange.ch\/de\/wp-json\/wp\/v2\/media?parent=329"}],"wp:term":[{"taxonomy":"category","embeddable":true,"href":"https:\/\/politexchange.ch\/de\/wp-json\/wp\/v2\/categories?post=329"},{"taxonomy":"post_tag","embeddable":true,"href":"https:\/\/politexchange.ch\/de\/wp-json\/wp\/v2\/tags?post=329"}],"curies":[{"name":"wp","href":"https:\/\/api.w.org\/{rel}","templated":true}]}}