{"id":337,"date":"2017-02-10T00:14:45","date_gmt":"2017-02-09T23:14:45","guid":{"rendered":"http:\/\/ayklwzkabb.cyon.link\/?p=337"},"modified":"2018-01-16T00:28:12","modified_gmt":"2018-01-15T23:28:12","slug":"eine-albanische-delegation","status":"publish","type":"post","link":"https:\/\/politexchange.ch\/de\/eine-albanische-delegation\/","title":{"rendered":"Eine albanische Delegation"},"content":{"rendered":"<p>Mit der konzeptionellen und organisatorischen Unterst\u00fctzung von PolitExchange besuchte eine albanische Delegation vom 5. \u2013 9. Februar 2017 die Schweiz, unter der Leitung des Staatsministers f\u00fcr lokale Angelegenheiten, Herrn Bledar Cu\u00e7i. Helvetas Swiss Intercooperation und die Direktion f\u00fcr Entwicklung und Zusammenarbeit des EDA hatten die Delegation f\u00fcr einen kurzen, aber substantiellen Austausch zu Themen der Dezentralisierung und der Korruptionsbek\u00e4mpfung eingeladen, im Zusammenhang mit der Schweizer Unterst\u00fctzung f\u00fcr Albanien in diesen Bereichen.<\/p>\n<p><!--more--><\/p>\n<p>Am Besuch nahmen auch vier Parlamentarierinnen und Parlamentarier teil sowie h\u00f6here Kader des Ministeriums f\u00fcr lokale Angelegenheiten, das aktuell f\u00fcr die Vorbereitung eines neuen Gesetzes \u00fcber lokale Finanzen verantwortlich ist. Ziel des Austauschs war es, sich von der Schweizer Erfahrung inspirieren zu lassen. Das Programm konzentrierte sich auf Diskussionen mit Expertinnen und Experten und mit Vertreterinnen und Vertretern von Beh\u00f6rden auf nationaler, kantonaler und lokaler Ebene, in der Hauptstadtregion Schweiz.<\/p>\n<p><img loading=\"lazy\" decoding=\"async\" class=\"alignleft size-full wp-image-338\" src=\"http:\/\/ayklwzkabb.cyon.link\/wp-content\/uploads\/2018\/01\/kl1.jpg\" alt=\"\" width=\"279\" height=\"201\" \/> <img loading=\"lazy\" decoding=\"async\" class=\"alignleft size-full wp-image-339\" src=\"http:\/\/ayklwzkabb.cyon.link\/wp-content\/uploads\/2018\/01\/kl2.jpg\" alt=\"\" width=\"329\" height=\"217\" srcset=\"https:\/\/politexchange.ch\/wp-content\/uploads\/2018\/01\/kl2.jpg 329w, https:\/\/politexchange.ch\/wp-content\/uploads\/2018\/01\/kl2-300x198.jpg 300w\" sizes=\"(max-width: 329px) 100vw, 329px\" \/> <img loading=\"lazy\" decoding=\"async\" class=\"alignleft size-full wp-image-340\" src=\"http:\/\/ayklwzkabb.cyon.link\/wp-content\/uploads\/2018\/01\/kl3.jpg\" alt=\"\" width=\"199\" height=\"281\" \/><\/p>\n","protected":false},"excerpt":{"rendered":"<p>Mit der konzeptionellen und organisatorischen Unterst\u00fctzung von PolitExchange besuchte eine albanische Delegation vom 5. \u2013 9. Februar 2017 die Schweiz, unter der Leitung des Staatsministers f\u00fcr lokale Angelegenheiten, Herrn Bledar Cu\u00e7i. Helvetas Swiss Intercooperation und die Direktion f\u00fcr Entwicklung und Zusammenarbeit des EDA hatten die Delegation f\u00fcr einen kurzen, aber substantiellen Austausch zu Themen der<a class=\"excerpt-read-more\" href=\"https:\/\/politexchange.ch\/de\/eine-albanische-delegation\/\" title=\"ReadEine albanische Delegation\">&#8230; Read more &raquo;<\/a><\/p>\n","protected":false},"author":5,"featured_media":339,"comment_status":"closed","ping_status":"closed","sticky":false,"template":"","format":"standard","meta":{"footnotes":""},"categories":[1],"tags":[],"_links":{"self":[{"href":"https:\/\/politexchange.ch\/de\/wp-json\/wp\/v2\/posts\/337"}],"collection":[{"href":"https:\/\/politexchange.ch\/de\/wp-json\/wp\/v2\/posts"}],"about":[{"href":"https:\/\/politexchange.ch\/de\/wp-json\/wp\/v2\/types\/post"}],"author":[{"embeddable":true,"href":"https:\/\/politexchange.ch\/de\/wp-json\/wp\/v2\/users\/5"}],"replies":[{"embeddable":true,"href":"https:\/\/politexchange.ch\/de\/wp-json\/wp\/v2\/comments?post=337"}],"version-history":[{"count":2,"href":"https:\/\/politexchange.ch\/de\/wp-json\/wp\/v2\/posts\/337\/revisions"}],"predecessor-version":[{"id":354,"href":"https:\/\/politexchange.ch\/de\/wp-json\/wp\/v2\/posts\/337\/revisions\/354"}],"wp:featuredmedia":[{"embeddable":true,"href":"https:\/\/politexchange.ch\/de\/wp-json\/wp\/v2\/media\/339"}],"wp:attachment":[{"href":"https:\/\/politexchange.ch\/de\/wp-json\/wp\/v2\/media?parent=337"}],"wp:term":[{"taxonomy":"category","embeddable":true,"href":"https:\/\/politexchange.ch\/de\/wp-json\/wp\/v2\/categories?post=337"},{"taxonomy":"post_tag","embeddable":true,"href":"https:\/\/politexchange.ch\/de\/wp-json\/wp\/v2\/tags?post=337"}],"curies":[{"name":"wp","href":"https:\/\/api.w.org\/{rel}","templated":true}]}}