{"id":425,"date":"2018-09-04T10:42:47","date_gmt":"2018-09-04T08:42:47","guid":{"rendered":"http:\/\/politexchange.ch\/eine-hochrangige-delegation-aus-laos-besucht-die-hauptstadtregion\/"},"modified":"2018-09-04T10:45:24","modified_gmt":"2018-09-04T08:45:24","slug":"eine-hochrangige-delegation-aus-laos-besucht-die-hauptstadtregion","status":"publish","type":"post","link":"https:\/\/politexchange.ch\/de\/eine-hochrangige-delegation-aus-laos-besucht-die-hauptstadtregion\/","title":{"rendered":"Eine hochrangige Delegation aus Laos besucht die Hauptstadtregion"},"content":{"rendered":"<p class=\"p1\"><span class=\"s1\">Im Auftrag und in Zusammenarbeit mit der Direktion f\u00fcr Entwicklung und Zusammenarbeit des EDA heisst PolitExchange (das Kompetenzzentrum f\u00fcr Governance-Studienreisen der Hauptstadtregion Schweiz) vom 5. bis 9. September 2018 eine hochrangige Delegation aus Laos f\u00fcr einen kurzen Besuch in Bern willkommen. Die Gruppe wird angef\u00fchrt vom Vizeminister f\u00fcr Planung und Investition, Dr. Kikeo Chanthaboury. Die Besucherinnen und Besucher interessieren sich f\u00fcr das Schweizer Politsystem und das Zusammenspiel der nationalen, kantonalen und kommunalen Verwaltungsebenen in Planung und Finanzierung \u00f6ffentlicher Aufgaben. Auch die verschiedenen Formen politischer Partizipation und die Organisation zivilgesellschaftlicher Interessen in der Schweiz soll der Besuch thematisieren. Dazu kommt ein Austausch mit den Schweizer Beh\u00f6rden zu den ersten Erfahrungen mit der Umsetzung der internationalen Agenda 2030, welche eine nachhaltige Entwicklung anstrebt.<span class=\"Apple-converted-space\">\u00a0 \u00a0<\/span><\/span><\/p>\n<p class=\"p1\"><span class=\"s1\">Das Besuchsprogramm sieht neben Gespr\u00e4chen mit den Bundesbeh\u00f6rden im EDA und im EFD einen Besuch in der Gemeinde K\u00f6niz, beim Grossen Rat des Kantons Bern und im Bundesparlament und einen Ausflug in die Bielerseeregion vor. An der F\u00eate de vin in La Neuveville bekommt die Delegation einen Eindruck vom Engagement der Zivilgesellschaft und den Beziehungen zwischen B\u00fcrgerinnen und B\u00fcrgern und lokalen Beh\u00f6rden in der Schweiz. <\/span><\/p>\n","protected":false},"excerpt":{"rendered":"<p>Im Auftrag und in Zusammenarbeit mit der Direktion f\u00fcr Entwicklung und Zusammenarbeit des EDA heisst PolitExchange (das Kompetenzzentrum f\u00fcr Governance-Studienreisen der Hauptstadtregion Schweiz) vom 5. bis 9. September 2018 eine hochrangige Delegation aus Laos f\u00fcr einen kurzen Besuch in Bern willkommen. Die Gruppe wird angef\u00fchrt vom Vizeminister f\u00fcr Planung und Investition, Dr. Kikeo Chanthaboury. Die<a class=\"excerpt-read-more\" href=\"https:\/\/politexchange.ch\/de\/eine-hochrangige-delegation-aus-laos-besucht-die-hauptstadtregion\/\" title=\"ReadEine hochrangige Delegation aus Laos besucht die Hauptstadtregion\">&#8230; Read more &raquo;<\/a><\/p>\n","protected":false},"author":5,"featured_media":0,"comment_status":"closed","ping_status":"closed","sticky":false,"template":"","format":"standard","meta":{"footnotes":""},"categories":[1],"tags":[],"_links":{"self":[{"href":"https:\/\/politexchange.ch\/de\/wp-json\/wp\/v2\/posts\/425"}],"collection":[{"href":"https:\/\/politexchange.ch\/de\/wp-json\/wp\/v2\/posts"}],"about":[{"href":"https:\/\/politexchange.ch\/de\/wp-json\/wp\/v2\/types\/post"}],"author":[{"embeddable":true,"href":"https:\/\/politexchange.ch\/de\/wp-json\/wp\/v2\/users\/5"}],"replies":[{"embeddable":true,"href":"https:\/\/politexchange.ch\/de\/wp-json\/wp\/v2\/comments?post=425"}],"version-history":[{"count":3,"href":"https:\/\/politexchange.ch\/de\/wp-json\/wp\/v2\/posts\/425\/revisions"}],"predecessor-version":[{"id":430,"href":"https:\/\/politexchange.ch\/de\/wp-json\/wp\/v2\/posts\/425\/revisions\/430"}],"wp:attachment":[{"href":"https:\/\/politexchange.ch\/de\/wp-json\/wp\/v2\/media?parent=425"}],"wp:term":[{"taxonomy":"category","embeddable":true,"href":"https:\/\/politexchange.ch\/de\/wp-json\/wp\/v2\/categories?post=425"},{"taxonomy":"post_tag","embeddable":true,"href":"https:\/\/politexchange.ch\/de\/wp-json\/wp\/v2\/tags?post=425"}],"curies":[{"name":"wp","href":"https:\/\/api.w.org\/{rel}","templated":true}]}}