{"id":513,"date":"2019-06-14T12:57:40","date_gmt":"2019-06-14T10:57:40","guid":{"rendered":"https:\/\/politexchange.ch\/?p=513"},"modified":"2019-12-13T23:34:59","modified_gmt":"2019-12-13T22:34:59","slug":"besuch-aus-serbien-zur-direkten-demokratie","status":"publish","type":"post","link":"https:\/\/politexchange.ch\/de\/besuch-aus-serbien-zur-direkten-demokratie\/","title":{"rendered":"Besuch aus Serbien zur direkten Demokratie"},"content":{"rendered":"<p>Direkte Demokratie in der Schweiz \u2013 Wie sieht das in der Praxis aus? Diese Frage stellt eine Delegation aus Serbien einer Reihe von Expertinnen und Experten von Schweizer Institutionen und Organisationen auf ihrem Besuch vom 17- 21. Juni in Bern und Biel. Unter der Leitung von Sa\u0161a Mogi?, Assistant Minister im serbischen Ministerium f\u00fcr \u00f6ffentliche Verwaltung und lokale Selbstregierung interessieren sich die Besucherinnen und Besucher aus dem Ministerium wie auch von der St\u00e4ndigen Konferenz der serbischen Gemeinden f\u00fcr die Schweizer Erfahrungen vor allem auch im Hinblick auf die geplante Einf\u00fchrung von direktdemokratischen Instrumenten in Serbien . Das Besuchsprogramm erm\u00f6glicht eine Auseinandersetzung mit verschiedenen Aspekten der direkten Demokratie auf Bundesebene wie auch auf kantonaler und kommunaler Ebene.<\/p>\n","protected":false},"excerpt":{"rendered":"<p>Direkte Demokratie in der Schweiz \u2013 Wie sieht das in der Praxis aus? Diese Frage stellt eine Delegation aus Serbien einer Reihe von Expertinnen und Experten von Schweizer Institutionen und Organisationen auf ihrem Besuch vom 17- 21. Juni in Bern und Biel. Unter der Leitung von Sa\u0161a Mogi?, Assistant Minister im serbischen Ministerium f\u00fcr \u00f6ffentliche<a class=\"excerpt-read-more\" href=\"https:\/\/politexchange.ch\/de\/besuch-aus-serbien-zur-direkten-demokratie\/\" title=\"ReadBesuch aus Serbien zur direkten Demokratie\">&#8230; Read more &raquo;<\/a><\/p>\n","protected":false},"author":8,"featured_media":0,"comment_status":"closed","ping_status":"closed","sticky":false,"template":"","format":"standard","meta":{"footnotes":""},"categories":[1],"tags":[],"_links":{"self":[{"href":"https:\/\/politexchange.ch\/de\/wp-json\/wp\/v2\/posts\/513"}],"collection":[{"href":"https:\/\/politexchange.ch\/de\/wp-json\/wp\/v2\/posts"}],"about":[{"href":"https:\/\/politexchange.ch\/de\/wp-json\/wp\/v2\/types\/post"}],"author":[{"embeddable":true,"href":"https:\/\/politexchange.ch\/de\/wp-json\/wp\/v2\/users\/8"}],"replies":[{"embeddable":true,"href":"https:\/\/politexchange.ch\/de\/wp-json\/wp\/v2\/comments?post=513"}],"version-history":[{"count":2,"href":"https:\/\/politexchange.ch\/de\/wp-json\/wp\/v2\/posts\/513\/revisions"}],"predecessor-version":[{"id":579,"href":"https:\/\/politexchange.ch\/de\/wp-json\/wp\/v2\/posts\/513\/revisions\/579"}],"wp:attachment":[{"href":"https:\/\/politexchange.ch\/de\/wp-json\/wp\/v2\/media?parent=513"}],"wp:term":[{"taxonomy":"category","embeddable":true,"href":"https:\/\/politexchange.ch\/de\/wp-json\/wp\/v2\/categories?post=513"},{"taxonomy":"post_tag","embeddable":true,"href":"https:\/\/politexchange.ch\/de\/wp-json\/wp\/v2\/tags?post=513"}],"curies":[{"name":"wp","href":"https:\/\/api.w.org\/{rel}","templated":true}]}}