{"id":321,"date":"2017-09-05T23:37:32","date_gmt":"2017-09-05T21:37:32","guid":{"rendered":"http:\/\/ayklwzkabb.cyon.link\/?p=321"},"modified":"2018-01-16T00:03:12","modified_gmt":"2018-01-15T23:03:12","slug":"8-femmes-parlementaires-en-provenance-du-pakistan","status":"publish","type":"post","link":"https:\/\/politexchange.ch\/fr\/8-femmes-parlementaires-en-provenance-du-pakistan\/","title":{"rendered":"8 femmes parlementaires en provenance du Pakistan"},"content":{"rendered":"<p>Sur mandat et en collaboration avec la Direction du d\u00e9veloppement et de la coop\u00e9ration (DDC) du D\u00e9partement F\u00e9d\u00e9ral des Affaires Etrang\u00e8res (DFAE), PolitExchange re\u00e7oit une d\u00e9l\u00e9gation de 8 femmes parlementaires en provenance du Pakistan. Ces repr\u00e9sentantes sont toutes issues du Groupe des Femmes Parlementaires de la province du Khyber Pakhtunkhwa (Khyber Pakhtunkhwa Women Parliamentary Caucus). En partenariat avec l\u2019entit\u00e9 ONU Femmes, la DDC soutient le travail de ce groupement afin de renforcer la participation des femmes en politique, appuyer ses d\u00e9marches afin de faire \u00e9voluer la l\u00e9gislation dans le sens de l\u2019\u00e9galit\u00e9 homme-femme, particuli\u00e8rement dans le domaine de la violence domestique. Le but de la visite est que les participantes puissent trouver une inspiration de la pratique suisse et \u00e9changer avec des pairs.<\/p>\n<p><!--more-->Du 6 au 14 septembre, des repr\u00e9sentants des parlements f\u00e9d\u00e9raux et cantonaux (Berne) vont partager leur exp\u00e9rience. Les membres de la d\u00e9l\u00e9gation auront ainsi l\u2019opportunit\u00e9 d\u2019\u00e9changer avec des politiciens de la R\u00e9gion Capitale Suisse. Le groupe rencontrera \u00e9galement des sp\u00e9cialistes de la question de l\u2019\u00e9galit\u00e9 des genres au niveau f\u00e9d\u00e9ral et cantonal. PolitExchange accompagnera aussi le groupe \u00e0 Gen\u00e8ve pour y rencontrer des experts en droits humains et sp\u00e9cialistes de la question de l\u2019\u00e9galit\u00e9 des genres du Haut-Commissariat des Nations Unies aux droits de l\u2019homme (HCDH), ainsi que des repr\u00e9sentants de l\u2019Union interparlementaire (IPU).<\/p>\n","protected":false},"excerpt":{"rendered":"<p>Sur mandat et en collaboration avec la Direction du d\u00e9veloppement et de la coop\u00e9ration (DDC) du D\u00e9partement F\u00e9d\u00e9ral des Affaires Etrang\u00e8res (DFAE), PolitExchange re\u00e7oit une d\u00e9l\u00e9gation de 8 femmes parlementaires en provenance du Pakistan. Ces repr\u00e9sentantes sont toutes issues du Groupe des Femmes Parlementaires de la province du Khyber Pakhtunkhwa (Khyber Pakhtunkhwa Women Parliamentary Caucus).<a class=\"excerpt-read-more\" href=\"https:\/\/politexchange.ch\/fr\/8-femmes-parlementaires-en-provenance-du-pakistan\/\" title=\"Read8 femmes parlementaires en provenance du Pakistan\">&#8230; Read more &raquo;<\/a><\/p>\n","protected":false},"author":5,"featured_media":0,"comment_status":"closed","ping_status":"closed","sticky":false,"template":"","format":"standard","meta":{"footnotes":""},"categories":[4],"tags":[],"_links":{"self":[{"href":"https:\/\/politexchange.ch\/fr\/wp-json\/wp\/v2\/posts\/321"}],"collection":[{"href":"https:\/\/politexchange.ch\/fr\/wp-json\/wp\/v2\/posts"}],"about":[{"href":"https:\/\/politexchange.ch\/fr\/wp-json\/wp\/v2\/types\/post"}],"author":[{"embeddable":true,"href":"https:\/\/politexchange.ch\/fr\/wp-json\/wp\/v2\/users\/5"}],"replies":[{"embeddable":true,"href":"https:\/\/politexchange.ch\/fr\/wp-json\/wp\/v2\/comments?post=321"}],"version-history":[{"count":2,"href":"https:\/\/politexchange.ch\/fr\/wp-json\/wp\/v2\/posts\/321\/revisions"}],"predecessor-version":[{"id":323,"href":"https:\/\/politexchange.ch\/fr\/wp-json\/wp\/v2\/posts\/321\/revisions\/323"}],"wp:attachment":[{"href":"https:\/\/politexchange.ch\/fr\/wp-json\/wp\/v2\/media?parent=321"}],"wp:term":[{"taxonomy":"category","embeddable":true,"href":"https:\/\/politexchange.ch\/fr\/wp-json\/wp\/v2\/categories?post=321"},{"taxonomy":"post_tag","embeddable":true,"href":"https:\/\/politexchange.ch\/fr\/wp-json\/wp\/v2\/tags?post=321"}],"curies":[{"name":"wp","href":"https:\/\/api.w.org\/{rel}","templated":true}]}}