{"id":344,"date":"2017-02-10T00:19:24","date_gmt":"2017-02-09T23:19:24","guid":{"rendered":"http:\/\/ayklwzkabb.cyon.link\/?p=344"},"modified":"2018-01-16T00:28:57","modified_gmt":"2018-01-15T23:28:57","slug":"une-delegation-dalbanie","status":"publish","type":"post","link":"https:\/\/politexchange.ch\/fr\/une-delegation-dalbanie\/","title":{"rendered":"Une d\u00e9l\u00e9gation d&rsquo;Albanie"},"content":{"rendered":"<p>Avec le soutien conceptuel et organisationnel de PolitExchange, une d\u00e9l\u00e9gation d&rsquo;Albanie, dirig\u00e9e par le ministre d&rsquo;Etat aux Affaires Locales M. Bledar Cu\u00e7i, a \u00e9t\u00e9 accueillie \u00e0 Berne et Interlaken du 5 au 9 f\u00e9vrier 2017. Helvetas Swiss Intercooperation et la Direction du D\u00e9veloppement et de la Coop\u00e9ration du DFAE ont invit\u00e9 la d\u00e9l\u00e9gation pour un \u00e9change court mais substantiel sur des questions de d\u00e9centralisation et de lutte contre la corruption, ceci dans le contexte du soutien suisse \u00e0 l&rsquo;Albanie dans ce domaine.<\/p>\n<p><!--more--><\/p>\n<p>La d\u00e9l\u00e9gation comprenait quatre membres du Parlement ainsi que des hauts fonctionnaires du minist\u00e8re qui pr\u00e9parent actuellement une nouvelle loi sur les finances locales. Avec pour objectif de nourrir la r\u00e9flexion et de puiser de l\u2019inspiration de l&rsquo;exp\u00e9rience suisse, le programme a \u00e9t\u00e9 ax\u00e9 sur des discussions avec des experts et des repr\u00e9sentants des autorit\u00e9s f\u00e9d\u00e9rales, cantonales et municipales de la R\u00e9gion capitale suisse.<\/p>\n<p><img loading=\"lazy\" decoding=\"async\" class=\"alignleft size-full wp-image-340\" src=\"http:\/\/ayklwzkabb.cyon.link\/wp-content\/uploads\/2018\/01\/kl3.jpg\" alt=\"\" width=\"199\" height=\"281\" \/> <img loading=\"lazy\" decoding=\"async\" class=\"alignleft size-full wp-image-339\" src=\"http:\/\/ayklwzkabb.cyon.link\/wp-content\/uploads\/2018\/01\/kl2.jpg\" alt=\"\" width=\"329\" height=\"217\" srcset=\"https:\/\/politexchange.ch\/wp-content\/uploads\/2018\/01\/kl2.jpg 329w, https:\/\/politexchange.ch\/wp-content\/uploads\/2018\/01\/kl2-300x198.jpg 300w\" sizes=\"(max-width: 329px) 100vw, 329px\" \/> <img loading=\"lazy\" decoding=\"async\" class=\"alignleft size-full wp-image-338\" src=\"http:\/\/ayklwzkabb.cyon.link\/wp-content\/uploads\/2018\/01\/kl1.jpg\" alt=\"\" width=\"279\" height=\"201\" \/><\/p>\n","protected":false},"excerpt":{"rendered":"<p>Avec le soutien conceptuel et organisationnel de PolitExchange, une d\u00e9l\u00e9gation d&rsquo;Albanie, dirig\u00e9e par le ministre d&rsquo;Etat aux Affaires Locales M. Bledar Cu\u00e7i, a \u00e9t\u00e9 accueillie \u00e0 Berne et Interlaken du 5 au 9 f\u00e9vrier 2017. Helvetas Swiss Intercooperation et la Direction du D\u00e9veloppement et de la Coop\u00e9ration du DFAE ont invit\u00e9 la d\u00e9l\u00e9gation pour un<a class=\"excerpt-read-more\" href=\"https:\/\/politexchange.ch\/fr\/une-delegation-dalbanie\/\" title=\"ReadUne d\u00e9l\u00e9gation d&rsquo;Albanie\">&#8230; Read more &raquo;<\/a><\/p>\n","protected":false},"author":5,"featured_media":339,"comment_status":"closed","ping_status":"closed","sticky":false,"template":"","format":"standard","meta":{"footnotes":""},"categories":[4],"tags":[],"_links":{"self":[{"href":"https:\/\/politexchange.ch\/fr\/wp-json\/wp\/v2\/posts\/344"}],"collection":[{"href":"https:\/\/politexchange.ch\/fr\/wp-json\/wp\/v2\/posts"}],"about":[{"href":"https:\/\/politexchange.ch\/fr\/wp-json\/wp\/v2\/types\/post"}],"author":[{"embeddable":true,"href":"https:\/\/politexchange.ch\/fr\/wp-json\/wp\/v2\/users\/5"}],"replies":[{"embeddable":true,"href":"https:\/\/politexchange.ch\/fr\/wp-json\/wp\/v2\/comments?post=344"}],"version-history":[{"count":3,"href":"https:\/\/politexchange.ch\/fr\/wp-json\/wp\/v2\/posts\/344\/revisions"}],"predecessor-version":[{"id":356,"href":"https:\/\/politexchange.ch\/fr\/wp-json\/wp\/v2\/posts\/344\/revisions\/356"}],"wp:featuredmedia":[{"embeddable":true,"href":"https:\/\/politexchange.ch\/fr\/wp-json\/wp\/v2\/media\/339"}],"wp:attachment":[{"href":"https:\/\/politexchange.ch\/fr\/wp-json\/wp\/v2\/media?parent=344"}],"wp:term":[{"taxonomy":"category","embeddable":true,"href":"https:\/\/politexchange.ch\/fr\/wp-json\/wp\/v2\/categories?post=344"},{"taxonomy":"post_tag","embeddable":true,"href":"https:\/\/politexchange.ch\/fr\/wp-json\/wp\/v2\/tags?post=344"}],"curies":[{"name":"wp","href":"https:\/\/api.w.org\/{rel}","templated":true}]}}