{"id":424,"date":"2018-09-04T10:42:47","date_gmt":"2018-09-04T08:42:47","guid":{"rendered":"http:\/\/politexchange.ch\/eine-hochrangige-delegation-aus-laos-besucht-die-hauptstadtregion\/"},"modified":"2018-09-04T10:43:47","modified_gmt":"2018-09-04T08:43:47","slug":"eine-hochrangige-delegation-aus-laos-besucht-die-hauptstadtregion","status":"publish","type":"post","link":"https:\/\/politexchange.ch\/fr\/eine-hochrangige-delegation-aus-laos-besucht-die-hauptstadtregion\/","title":{"rendered":"Une d\u00e9l\u00e9gation du Laos de haut rang visite la R\u00e9gion capitale suisse"},"content":{"rendered":"<p class=\"p1\"><span class=\"s1\">Sur demande et en collaboration avec la Direction du d\u00e9veloppement et de la coop\u00e9ration du DFAE, PolitExchange (le centre de comp\u00e9tence de la R\u00e9gion capitale suisse pour les visites d\u2019\u00e9tude en gouvernance) souhaitera la bienvenue, lors d\u2019une courte visite du 5 au 9 septembre \u00e0 une d\u00e9l\u00e9gation du Laos de haut rang. Le groupe sera men\u00e9 par le Vice-ministre pour la planification et l\u2019investissement, Dr. Kikeo Chanthaboury. Les visiteuses et visiteurs s\u2019int\u00e9ressent au syst\u00e8me politique suisse et \u00e0 la collaboration entre les administrations nationales, cantonales et communales sur la planification et le financement des t\u00e2ches publiques. Les diverses formes de participation politique et l\u2019organisation des int\u00e9r\u00eats de la soci\u00e9t\u00e9 civile en Suisse seront \u00e9galement th\u00e9matis\u00e9s lors de cette visite. De plus un \u00e9change avec les autorit\u00e9s suisses aura lieu concernant les premi\u00e8res exp\u00e9riences de l\u2019application de l\u2019Agenda international 2030 qui pr\u00e9voit un d\u00e9veloppement durable.<\/span><\/p>\n<p class=\"p1\"><span class=\"s1\">Le programme de la visite pr\u00e9voit \u00e0 part les discussions avec les autorit\u00e9s f\u00e9d\u00e9rales du D\u00e9partement f\u00e9d\u00e9ral des affaires \u00e9trang\u00e8res et du D\u00e9partement des finances une visite \u00e0 la commune de K\u00f6niz, au Grand Conseil du canton de Berne et au Parlement f\u00e9d\u00e9ral ainsi qu\u2019une excursion dans la r\u00e9gion du lac de Bienne. Lors de la f\u00eate du vin \u00e0 la Neuveville la d\u00e9l\u00e9gation recevra une impression de l\u2019engagement de la soci\u00e9t\u00e9 civile et des relations entre les citoyennes et citoyens et les autorit\u00e9s locales suisses.<\/span><\/p>\n","protected":false},"excerpt":{"rendered":"<p>Sur demande et en collaboration avec la Direction du d\u00e9veloppement et de la coop\u00e9ration du DFAE, PolitExchange (le centre de comp\u00e9tence de la R\u00e9gion capitale suisse pour les visites d\u2019\u00e9tude en gouvernance) souhaitera la bienvenue, lors d\u2019une courte visite du 5 au 9 septembre \u00e0 une d\u00e9l\u00e9gation du Laos de haut rang. Le groupe sera<a class=\"excerpt-read-more\" href=\"https:\/\/politexchange.ch\/fr\/eine-hochrangige-delegation-aus-laos-besucht-die-hauptstadtregion\/\" title=\"ReadUne d\u00e9l\u00e9gation du Laos de haut rang visite la R\u00e9gion capitale suisse\">&#8230; Read more &raquo;<\/a><\/p>\n","protected":false},"author":5,"featured_media":0,"comment_status":"closed","ping_status":"closed","sticky":false,"template":"","format":"standard","meta":{"footnotes":""},"categories":[4],"tags":[],"_links":{"self":[{"href":"https:\/\/politexchange.ch\/fr\/wp-json\/wp\/v2\/posts\/424"}],"collection":[{"href":"https:\/\/politexchange.ch\/fr\/wp-json\/wp\/v2\/posts"}],"about":[{"href":"https:\/\/politexchange.ch\/fr\/wp-json\/wp\/v2\/types\/post"}],"author":[{"embeddable":true,"href":"https:\/\/politexchange.ch\/fr\/wp-json\/wp\/v2\/users\/5"}],"replies":[{"embeddable":true,"href":"https:\/\/politexchange.ch\/fr\/wp-json\/wp\/v2\/comments?post=424"}],"version-history":[{"count":1,"href":"https:\/\/politexchange.ch\/fr\/wp-json\/wp\/v2\/posts\/424\/revisions"}],"predecessor-version":[{"id":426,"href":"https:\/\/politexchange.ch\/fr\/wp-json\/wp\/v2\/posts\/424\/revisions\/426"}],"wp:attachment":[{"href":"https:\/\/politexchange.ch\/fr\/wp-json\/wp\/v2\/media?parent=424"}],"wp:term":[{"taxonomy":"category","embeddable":true,"href":"https:\/\/politexchange.ch\/fr\/wp-json\/wp\/v2\/categories?post=424"},{"taxonomy":"post_tag","embeddable":true,"href":"https:\/\/politexchange.ch\/fr\/wp-json\/wp\/v2\/tags?post=424"}],"curies":[{"name":"wp","href":"https:\/\/api.w.org\/{rel}","templated":true}]}}